{"id":1477,"date":"2019-07-05T13:34:57","date_gmt":"2019-07-05T13:34:57","guid":{"rendered":"http:\/\/cotf.se\/framtidsforetagen\/?p=1477"},"modified":"2019-08-16T13:11:48","modified_gmt":"2019-08-16T13:11:48","slug":"varldens-aldsta-bloggare-det-ar-aldrig-for-sent","status":"publish","type":"post","link":"https:\/\/cotf.se\/framtidsforetagen\/varldens-aldsta-bloggare-det-ar-aldrig-for-sent\/","title":{"rendered":"V\u00e4rldens \u00e4ldsta bloggare: &#8220;Det \u00e4r aldrig f\u00f6r sent&#8221;"},"content":{"rendered":"","protected":false},"excerpt":{"rendered":"","protected":false},"author":4,"featured_media":1484,"comment_status":"open","ping_status":"open","sticky":false,"template":"","format":"standard","meta":{"_acf_changed":false,"footnotes":""},"categories":[8],"tags":[32,34,33],"class_list":["post-1477","post","type-post","status-publish","format-standard","has-post-thumbnail","hentry","category-din_karriar","tag-dagny-carlsson","tag-livet-enligt-dagny","tag-varldens-aldsta-bloggare"],"acf":[],"yoast_head":"<!-- This site is optimized with the Yoast SEO plugin v20.9 - https:\/\/yoast.com\/wordpress\/plugins\/seo\/ -->\n<title>V\u00e4rldens \u00e4ldsta bloggare: &quot;Det \u00e4r aldrig f\u00f6r sent&quot; - Framtidsf\u00f6retagen<\/title>\n<meta name=\"description\" content=\"V\u00e4rldens \u00e4ldsta bloggare Dagny Carlsson gav ut sj\u00e4lvbiografin &quot;Livet enligt Dagny&quot; vid 104 \u00e5rs \u00e5lder. H\u00e4r delar hon med sig av r\u00e5d till sitt 25-\u00e5riga jag.\" \/>\n<meta name=\"robots\" content=\"index, follow, max-snippet:-1, max-image-preview:large, max-video-preview:-1\" \/>\n<link rel=\"canonical\" href=\"https:\/\/cotf.se\/framtidsforetagen\/varldens-aldsta-bloggare-det-ar-aldrig-for-sent\/\" \/>\n<meta property=\"og:locale\" content=\"en_US\" \/>\n<meta property=\"og:type\" content=\"article\" \/>\n<meta property=\"og:title\" content=\"V\u00e4rldens \u00e4ldsta bloggare: &quot;Det \u00e4r aldrig f\u00f6r sent&quot; - Framtidsf\u00f6retagen\" \/>\n<meta property=\"og:description\" content=\"V\u00e4rldens \u00e4ldsta bloggare Dagny Carlsson gav ut sj\u00e4lvbiografin &quot;Livet enligt Dagny&quot; vid 104 \u00e5rs \u00e5lder. H\u00e4r delar hon med sig av r\u00e5d till sitt 25-\u00e5riga jag.\" \/>\n<meta property=\"og:url\" content=\"https:\/\/cotf.se\/framtidsforetagen\/varldens-aldsta-bloggare-det-ar-aldrig-for-sent\/\" \/>\n<meta property=\"og:site_name\" content=\"Framtidsf\u00f6retagen\" \/>\n<meta property=\"article:published_time\" content=\"2019-07-05T13:34:57+00:00\" \/>\n<meta property=\"article:modified_time\" content=\"2019-08-16T13:11:48+00:00\" \/>\n<meta property=\"og:image\" content=\"https:\/\/cotf.se\/wp-content\/uploads\/sites\/2\/2019\/07\/250458-foto-Maria-O\u0308stlin-1024x683.jpg\" \/>\n\t<meta property=\"og:image:width\" content=\"1024\" \/>\n\t<meta property=\"og:image:height\" content=\"683\" \/>\n\t<meta property=\"og:image:type\" content=\"image\/jpeg\" \/>\n<meta name=\"author\" content=\"carinsundberg\" \/>\n<meta name=\"twitter:card\" content=\"summary_large_image\" \/>\n<meta name=\"twitter:label1\" content=\"Written by\" \/>\n\t<meta name=\"twitter:data1\" content=\"carinsundberg\" \/>\n<script type=\"application\/ld+json\" class=\"yoast-schema-graph\">{\"@context\":\"https:\/\/schema.org\",\"@graph\":[{\"@type\":\"WebPage\",\"@id\":\"https:\/\/cotf.se\/framtidsforetagen\/varldens-aldsta-bloggare-det-ar-aldrig-for-sent\/\",\"url\":\"https:\/\/cotf.se\/framtidsforetagen\/varldens-aldsta-bloggare-det-ar-aldrig-for-sent\/\",\"name\":\"V\u00e4rldens \u00e4ldsta bloggare: \\\"Det \u00e4r aldrig f\u00f6r sent\\\" - Framtidsf\u00f6retagen\",\"isPartOf\":{\"@id\":\"https:\/\/cotf.se\/framtidsforetagen\/#website\"},\"datePublished\":\"2019-07-05T13:34:57+00:00\",\"dateModified\":\"2019-08-16T13:11:48+00:00\",\"author\":{\"@id\":\"https:\/\/cotf.se\/framtidsforetagen\/#\/schema\/person\/f099cc3c0fb82621c4b2e7339a7b95e4\"},\"description\":\"V\u00e4rldens \u00e4ldsta bloggare Dagny Carlsson gav ut sj\u00e4lvbiografin \\\"Livet enligt Dagny\\\" vid 104 \u00e5rs \u00e5lder. H\u00e4r delar hon med sig av r\u00e5d till sitt 25-\u00e5riga jag.\",\"breadcrumb\":{\"@id\":\"https:\/\/cotf.se\/framtidsforetagen\/varldens-aldsta-bloggare-det-ar-aldrig-for-sent\/#breadcrumb\"},\"inLanguage\":\"en-US\",\"potentialAction\":[{\"@type\":\"ReadAction\",\"target\":[\"https:\/\/cotf.se\/framtidsforetagen\/varldens-aldsta-bloggare-det-ar-aldrig-for-sent\/\"]}]},{\"@type\":\"BreadcrumbList\",\"@id\":\"https:\/\/cotf.se\/framtidsforetagen\/varldens-aldsta-bloggare-det-ar-aldrig-for-sent\/#breadcrumb\",\"itemListElement\":[{\"@type\":\"ListItem\",\"position\":1,\"name\":\"Home\",\"item\":\"https:\/\/cotf.se\/framtidsforetagen\/\"},{\"@type\":\"ListItem\",\"position\":2,\"name\":\"V\u00e4rldens \u00e4ldsta bloggare: &#8220;Det \u00e4r aldrig f\u00f6r sent&#8221;\"}]},{\"@type\":\"WebSite\",\"@id\":\"https:\/\/cotf.se\/framtidsforetagen\/#website\",\"url\":\"https:\/\/cotf.se\/framtidsforetagen\/\",\"name\":\"Framtidsf\u00f6retagen\",\"description\":\"\",\"potentialAction\":[{\"@type\":\"SearchAction\",\"target\":{\"@type\":\"EntryPoint\",\"urlTemplate\":\"https:\/\/cotf.se\/framtidsforetagen\/?s={search_term_string}\"},\"query-input\":\"required name=search_term_string\"}],\"inLanguage\":\"en-US\"},{\"@type\":\"Person\",\"@id\":\"https:\/\/cotf.se\/framtidsforetagen\/#\/schema\/person\/f099cc3c0fb82621c4b2e7339a7b95e4\",\"name\":\"carinsundberg\",\"image\":{\"@type\":\"ImageObject\",\"inLanguage\":\"en-US\",\"@id\":\"https:\/\/cotf.se\/framtidsforetagen\/#\/schema\/person\/image\/\",\"url\":\"https:\/\/secure.gravatar.com\/avatar\/2955de035c3f95fb7694a94b330699311dc8a4d5c92afdd6fb799a8727386bcc?s=96&d=mm&r=g\",\"contentUrl\":\"https:\/\/secure.gravatar.com\/avatar\/2955de035c3f95fb7694a94b330699311dc8a4d5c92afdd6fb799a8727386bcc?s=96&d=mm&r=g\",\"caption\":\"carinsundberg\"},\"url\":\"https:\/\/cotf.se\/framtidsforetagen\/author\/carinsundberg\/\"}]}<\/script>\n<!-- \/ Yoast SEO plugin. -->","yoast_head_json":{"title":"V\u00e4rldens \u00e4ldsta bloggare: \"Det \u00e4r aldrig f\u00f6r sent\" - Framtidsf\u00f6retagen","description":"V\u00e4rldens \u00e4ldsta bloggare Dagny Carlsson gav ut sj\u00e4lvbiografin \"Livet enligt Dagny\" vid 104 \u00e5rs \u00e5lder. H\u00e4r delar hon med sig av r\u00e5d till sitt 25-\u00e5riga jag.","robots":{"index":"index","follow":"follow","max-snippet":"max-snippet:-1","max-image-preview":"max-image-preview:large","max-video-preview":"max-video-preview:-1"},"canonical":"https:\/\/cotf.se\/framtidsforetagen\/varldens-aldsta-bloggare-det-ar-aldrig-for-sent\/","og_locale":"en_US","og_type":"article","og_title":"V\u00e4rldens \u00e4ldsta bloggare: \"Det \u00e4r aldrig f\u00f6r sent\" - Framtidsf\u00f6retagen","og_description":"V\u00e4rldens \u00e4ldsta bloggare Dagny Carlsson gav ut sj\u00e4lvbiografin \"Livet enligt Dagny\" vid 104 \u00e5rs \u00e5lder. H\u00e4r delar hon med sig av r\u00e5d till sitt 25-\u00e5riga jag.","og_url":"https:\/\/cotf.se\/framtidsforetagen\/varldens-aldsta-bloggare-det-ar-aldrig-for-sent\/","og_site_name":"Framtidsf\u00f6retagen","article_published_time":"2019-07-05T13:34:57+00:00","article_modified_time":"2019-08-16T13:11:48+00:00","og_image":[{"width":1024,"height":683,"url":"https:\/\/cotf.se\/wp-content\/uploads\/sites\/2\/2019\/07\/250458-foto-Maria-O\u0308stlin-1024x683.jpg","type":"image\/jpeg"}],"author":"carinsundberg","twitter_card":"summary_large_image","twitter_misc":{"Written by":"carinsundberg"},"schema":{"@context":"https:\/\/schema.org","@graph":[{"@type":"WebPage","@id":"https:\/\/cotf.se\/framtidsforetagen\/varldens-aldsta-bloggare-det-ar-aldrig-for-sent\/","url":"https:\/\/cotf.se\/framtidsforetagen\/varldens-aldsta-bloggare-det-ar-aldrig-for-sent\/","name":"V\u00e4rldens \u00e4ldsta bloggare: \"Det \u00e4r aldrig f\u00f6r sent\" - Framtidsf\u00f6retagen","isPartOf":{"@id":"https:\/\/cotf.se\/framtidsforetagen\/#website"},"datePublished":"2019-07-05T13:34:57+00:00","dateModified":"2019-08-16T13:11:48+00:00","author":{"@id":"https:\/\/cotf.se\/framtidsforetagen\/#\/schema\/person\/f099cc3c0fb82621c4b2e7339a7b95e4"},"description":"V\u00e4rldens \u00e4ldsta bloggare Dagny Carlsson gav ut sj\u00e4lvbiografin \"Livet enligt Dagny\" vid 104 \u00e5rs \u00e5lder. H\u00e4r delar hon med sig av r\u00e5d till sitt 25-\u00e5riga jag.","breadcrumb":{"@id":"https:\/\/cotf.se\/framtidsforetagen\/varldens-aldsta-bloggare-det-ar-aldrig-for-sent\/#breadcrumb"},"inLanguage":"en-US","potentialAction":[{"@type":"ReadAction","target":["https:\/\/cotf.se\/framtidsforetagen\/varldens-aldsta-bloggare-det-ar-aldrig-for-sent\/"]}]},{"@type":"BreadcrumbList","@id":"https:\/\/cotf.se\/framtidsforetagen\/varldens-aldsta-bloggare-det-ar-aldrig-for-sent\/#breadcrumb","itemListElement":[{"@type":"ListItem","position":1,"name":"Home","item":"https:\/\/cotf.se\/framtidsforetagen\/"},{"@type":"ListItem","position":2,"name":"V\u00e4rldens \u00e4ldsta bloggare: &#8220;Det \u00e4r aldrig f\u00f6r sent&#8221;"}]},{"@type":"WebSite","@id":"https:\/\/cotf.se\/framtidsforetagen\/#website","url":"https:\/\/cotf.se\/framtidsforetagen\/","name":"Framtidsf\u00f6retagen","description":"","potentialAction":[{"@type":"SearchAction","target":{"@type":"EntryPoint","urlTemplate":"https:\/\/cotf.se\/framtidsforetagen\/?s={search_term_string}"},"query-input":"required name=search_term_string"}],"inLanguage":"en-US"},{"@type":"Person","@id":"https:\/\/cotf.se\/framtidsforetagen\/#\/schema\/person\/f099cc3c0fb82621c4b2e7339a7b95e4","name":"carinsundberg","image":{"@type":"ImageObject","inLanguage":"en-US","@id":"https:\/\/cotf.se\/framtidsforetagen\/#\/schema\/person\/image\/","url":"https:\/\/secure.gravatar.com\/avatar\/2955de035c3f95fb7694a94b330699311dc8a4d5c92afdd6fb799a8727386bcc?s=96&d=mm&r=g","contentUrl":"https:\/\/secure.gravatar.com\/avatar\/2955de035c3f95fb7694a94b330699311dc8a4d5c92afdd6fb799a8727386bcc?s=96&d=mm&r=g","caption":"carinsundberg"},"url":"https:\/\/cotf.se\/framtidsforetagen\/author\/carinsundberg\/"}]}},"_links":{"self":[{"href":"https:\/\/cotf.se\/framtidsforetagen\/wp-json\/wp\/v2\/posts\/1477","targetHints":{"allow":["GET"]}}],"collection":[{"href":"https:\/\/cotf.se\/framtidsforetagen\/wp-json\/wp\/v2\/posts"}],"about":[{"href":"https:\/\/cotf.se\/framtidsforetagen\/wp-json\/wp\/v2\/types\/post"}],"author":[{"embeddable":true,"href":"https:\/\/cotf.se\/framtidsforetagen\/wp-json\/wp\/v2\/users\/4"}],"replies":[{"embeddable":true,"href":"https:\/\/cotf.se\/framtidsforetagen\/wp-json\/wp\/v2\/comments?post=1477"}],"version-history":[{"count":0,"href":"https:\/\/cotf.se\/framtidsforetagen\/wp-json\/wp\/v2\/posts\/1477\/revisions"}],"wp:featuredmedia":[{"embeddable":true,"href":"https:\/\/cotf.se\/framtidsforetagen\/wp-json\/wp\/v2\/media\/1484"}],"wp:attachment":[{"href":"https:\/\/cotf.se\/framtidsforetagen\/wp-json\/wp\/v2\/media?parent=1477"}],"wp:term":[{"taxonomy":"category","embeddable":true,"href":"https:\/\/cotf.se\/framtidsforetagen\/wp-json\/wp\/v2\/categories?post=1477"},{"taxonomy":"post_tag","embeddable":true,"href":"https:\/\/cotf.se\/framtidsforetagen\/wp-json\/wp\/v2\/tags?post=1477"}],"curies":[{"name":"wp","href":"https:\/\/api.w.org\/{rel}","templated":true}]}}